{"id":3116,"date":"2025-12-17T11:59:00","date_gmt":"2025-12-17T11:59:00","guid":{"rendered":"https:\/\/algarvedentalimplants.com\/?p=3116"},"modified":"2025-12-17T12:00:54","modified_gmt":"2025-12-17T12:00:54","slug":"the-smile-that-christmas-was-missing","status":"publish","type":"post","link":"https:\/\/algarvedentalimplants.com\/fr\/the-smile-that-christmas-was-missing\/","title":{"rendered":"Le sourire qu\u2019il manquait \u00e0 No\u00ebl"},"content":{"rendered":"<p>Joaquim Meireles, 72 ans, cultive depuis environ 20 ans des fruits, l\u00e9gumes et herbes aromatiques bio. Il adore sa petite ferme et, en cette froide apr\u00e8s-midi de d\u00e9cembre, il \u00e9tait d\u00e9j\u00e0 rentr\u00e9 chez lui quand ses trois petits-enfants sont arriv\u00e9s, deux gar\u00e7ons et une fille, \u00e2g\u00e9s de 5, 7 et 9 ans.<\/p>\n\n\n\n<p>Il portait un gros pull en laine et testait avec pr\u00e9caution une guirlande lumineuse qu'il comptait mettre sur le sapin naturel en pot qu'il venait de ramener \u00e0 la maison et qui accompagnait la famille depuis plusieurs No\u00ebls. Autour de Joaquim s'empilaient des bo\u00eetes de d\u00e9corations de No\u00ebl, des rubans et des ornements faits \u00e0 la main, qu\u2019il avait cr\u00e9\u00e9s avec sa femme au fil des ans.<\/p>\n\n\n\n<p>La maison accueillait son rituel pr\u00e9f\u00e9r\u00e9 : pr\u00e9parer l'ambiance de No\u00ebl \u00e0 l'int\u00e9rieur. Pendant que ses petits-enfants arrivaient, Joaquim souriait, fier de garder vivante une tradition qui remontait \u00e0 plusieurs g\u00e9n\u00e9rations : celle de d\u00e9corer la maison en famille.<\/p>\n\n\n\n<p>Depuis quelques ann\u00e9es pourtant, Joaquim avait v\u00e9cu ces moments qu'il aimait tant avec une certaine tristesse. Son manque de dents, ses proth\u00e8ses instables et son inconfort pour manger et parler l'avaient rendu plus silencieux, plus r\u00e9serv\u00e9 et plus distant. Son sourire, qui avait toujours \u00e9t\u00e9 facile et sinc\u00e8re, s'\u00e9tait transform\u00e9 en une expression crisp\u00e9e. M\u00eame le rassemblement familial la veille et le jour de No\u00ebl, avec toute la magie et la joie de cette p\u00e9riode qu'il aimait tant, lui donnait un sentiment doux-amer : il voulait rire avec ses petits-enfants, poser pour des photos, fredonner des chansons, mais sa g\u00eane l'en emp\u00eachait.<\/p>\n\n\n\n<p>Or, cette ann\u00e9e, tout a chang\u00e9 il y a quelques mois, quand il a d\u00e9cid\u00e9 de se rendre \u00e0 la clinique <a href=\"https:\/\/algarvedentalimplants.com\/fr\/\" data-type=\"link\" data-id=\"https:\/\/algarvedentalimplants.com\/\">Algarve Dental Implants&nbsp;<\/a>, encourag\u00e9 par sa fille. Le <a href=\"https:\/\/algarvedentalimplants.com\/fr\/curriculum-dr-cris-piessens\/\">Dr Cris Piessens&nbsp;<\/a>, directeur clinique, lui a expliqu\u00e9 la m\u00e9thode <a href=\"https:\/\/algarvedentalimplants.com\/fr\/all-on-4-technique\/\">All-on-4<\/a> clairement et avec empathie, tout en lui assurant qu'il n'\u00e9tait jamais trop tard pour changer. Joaquim a senti que quelqu'un comprenait enfin non seulement ses probl\u00e8mes dentaires, mais aussi son envie de profiter pleinement de la vie. Et il a d\u00e9cid\u00e9 de se lancer.<\/p>\n\n\n\n<p>La phase de r\u00e9tablissement a \u00e9t\u00e9 plus facile que ce qu'il pensait. Le jour m\u00eame de l'op\u00e9ration, il avait d\u00e9j\u00e0 des dents fixes et stables, et il a vu dans le miroir un reflet qu'il reconnaissait \u00e0 peine : un homme plus l\u00e9ger, plus s\u00fbr de lui, plus lui-m\u00eame. Au cours des mois suivants, il s'est remis \u00e0 sourire, d'abord doucement, puis avec de moins en moins de crainte. Et quand d\u00e9cembre est arriv\u00e9, il \u00e9tait s\u00fbr que ce No\u00ebl serait diff\u00e9rent.<\/p>\n\n\n\n<p>\u00c0 la ferme, tout \u00e9tait joyeux et tout sentait No\u00ebl, avec l'odeur des oranges et des clous de girofle dans l'air, pendant que le grand-p\u00e8re et ses petits-enfants accrochaient ensemble les d\u00e9corations dans le sapin.<\/p>\n\n\n\n<p>&nbsp;- \u00ab Papi, tu peux mettre l'\u00e9toile en haut du sapin? \u00bb \u2014 demanda le petit Tom\u00e1s, le benjamin, en lui tenant la main.<\/p>\n\n\n\n<p>Joaquim \u00e9clata de rire, un rire franc et sinc\u00e8re. Les enfants s\u2019arr\u00eat\u00e8rent un instant, surpris par la spontan\u00e9it\u00e9 de ce rire, bien plus qu'un simple sourire.<\/p>\n\n\n\n<p>- \u00ab Papi, tu es si heureux ! \u00bb \u2014 dit l\u2019a\u00een\u00e9e, avec cette franchise qu'on ne trouve que chez les enfants.<\/p>\n\n\n\n<p>- \u00ab Je redeviens juste moi-m\u00eame ! \u00bb \u2014 r\u00e9pondit Joaquim, avec fiert\u00e9.<\/p>\n\n\n\n<p>Le soir de No\u00ebl, au moment de prendre la traditionnelle photo de famille, Joaquim se pla\u00e7a au centre, pour la premi\u00e8re fois depuis des ann\u00e9es, sans h\u00e9siter. Ses petits-enfants le serr\u00e8rent dans leurs bras et son sourire illumina le moment familial.&nbsp;<\/p>\n\n\n\n<p>Plus tard, alors que ses petits-enfants dormaient d\u00e9j\u00e0, le c\u0153ur rempli de la joie du r\u00e9veillon, il murmura, comme s'il reconnaissait la v\u00e9rit\u00e9 de toute une vie :<\/p>\n\n\n\n<blockquote class=\"wp-block-quote is-layout-flow wp-block-quote-is-layout-flow\">\n<p><strong>- \u00ab Il n'est jamais trop tard pour changer. \u00bb<\/strong><\/p>\n<\/blockquote>\n\n\n\n<p><\/p>","protected":false},"excerpt":{"rendered":"<p>Joaquim Meireles, 72, has been producing organic vegetables, fruit and herbs for around 20 years. He loves his small farm, and on that cold December afternoon, he was already indoors when his three grandchildren arrived: two boys and a girl, aged 5, 7, and 9. He wore a thick wool jumper and carefully tested a [&hellip;]<\/p>","protected":false},"author":1,"featured_media":3118,"comment_status":"open","ping_status":"open","sticky":false,"template":"","format":"standard","meta":{"_joinchat":[],"footnotes":""},"categories":[11],"tags":[],"class_list":["post-3116","post","type-post","status-publish","format-standard","has-post-thumbnail","hentry","category-all-on-4-technique"],"_links":{"self":[{"href":"https:\/\/algarvedentalimplants.com\/fr\/wp-json\/wp\/v2\/posts\/3116","targetHints":{"allow":["GET"]}}],"collection":[{"href":"https:\/\/algarvedentalimplants.com\/fr\/wp-json\/wp\/v2\/posts"}],"about":[{"href":"https:\/\/algarvedentalimplants.com\/fr\/wp-json\/wp\/v2\/types\/post"}],"author":[{"embeddable":true,"href":"https:\/\/algarvedentalimplants.com\/fr\/wp-json\/wp\/v2\/users\/1"}],"replies":[{"embeddable":true,"href":"https:\/\/algarvedentalimplants.com\/fr\/wp-json\/wp\/v2\/comments?post=3116"}],"version-history":[{"count":1,"href":"https:\/\/algarvedentalimplants.com\/fr\/wp-json\/wp\/v2\/posts\/3116\/revisions"}],"predecessor-version":[{"id":3119,"href":"https:\/\/algarvedentalimplants.com\/fr\/wp-json\/wp\/v2\/posts\/3116\/revisions\/3119"}],"wp:featuredmedia":[{"embeddable":true,"href":"https:\/\/algarvedentalimplants.com\/fr\/wp-json\/wp\/v2\/media\/3118"}],"wp:attachment":[{"href":"https:\/\/algarvedentalimplants.com\/fr\/wp-json\/wp\/v2\/media?parent=3116"}],"wp:term":[{"taxonomy":"category","embeddable":true,"href":"https:\/\/algarvedentalimplants.com\/fr\/wp-json\/wp\/v2\/categories?post=3116"},{"taxonomy":"post_tag","embeddable":true,"href":"https:\/\/algarvedentalimplants.com\/fr\/wp-json\/wp\/v2\/tags?post=3116"}],"curies":[{"name":"wp","href":"https:\/\/api.w.org\/{rel}","templated":true}]}}